{"id":13450,"date":"2025-10-15T09:46:36","date_gmt":"2025-10-15T12:46:36","guid":{"rendered":"https:\/\/rbma.org.br\/n\/?p=13450"},"modified":"2025-10-15T10:14:02","modified_gmt":"2025-10-15T13:14:02","slug":"meliponario-educativo-do-parque-das-dunas-e-inaugurado-em-natal-e-reforca-a-conservacao-das-abelhas-nativas","status":"publish","type":"post","link":"https:\/\/rbma.org.br\/n\/meliponario-educativo-do-parque-das-dunas-e-inaugurado-em-natal-e-reforca-a-conservacao-das-abelhas-nativas\/","title":{"rendered":"Melipon\u00e1rio Educativo do Parque das Dunas \u00e9 inaugurado em Natal e refor\u00e7a a conserva\u00e7\u00e3o das abelhas nativas"},"content":{"rendered":"\n<p>o espa\u00e7o integra o Projeto Abelhas Nativas da Mata Atl\u00e2ntica e ser\u00e1 um centro de aprendizado sobre biodiversidade e educa\u00e7\u00e3o ambiental.<\/p>\n\n\n\n<p>Mais um passo importante pela conserva\u00e7\u00e3o das abelhas nativas e pela educa\u00e7\u00e3o ambiental foi dado nesta sexta-feira (14), com a inaugura\u00e7\u00e3o do Melipon\u00e1rio Educativo do Parque das Dunas, em Natal. A iniciativa \u00e9 da Reserva da Biosfera da Mata Atl\u00e2ntica (RBMA), em parceria com a ADM Cares, e conta com o apoio do Governo do Estado do Rio Grande do Norte, do Instituto de Desenvolvimento Sustent\u00e1vel e Meio Ambiente (Idema) e do pr\u00f3prio Parque das Dunas.<\/p>\n\n\n\n<p>A cerim\u00f4nia reuniu a governadora F\u00e1tima Bezerra, a presidente do Conselho Nacional da RBMA e gestora do Parque, Mary Sorage, al\u00e9m de diretores do Idema, convidados e estudantes. Durante o evento, os participantes puderam degustar diferentes tipos de mel, conhecendo mais sobre a diversidade e a import\u00e2ncia desses insetos na preserva\u00e7\u00e3o dos ecossistemas e na produ\u00e7\u00e3o de alimentos.<\/p>\n\n\n\n<figure class=\"wp-block-image size-full\"><img loading=\"lazy\" decoding=\"async\" width=\"1200\" height=\"675\" src=\"https:\/\/rbma.org.br\/n\/wp-content\/uploads\/2025\/10\/WhatsApp-Image-2025-10-14-at-13.20.40.jpeg\" alt=\"Whatsapp image 2025 10 14 at 13.20.40\" class=\"wp-image-13452\"\/><\/figure>\n\n\n\n<p>O novo espa\u00e7o integra o Projeto Abelhas Nativas da Mata Atl\u00e2ntica e funcionar\u00e1 como um centro de aprendizado interativo, promovendo o conhecimento sobre o papel das abelhas sem ferr\u00e3o na poliniza\u00e7\u00e3o e no equil\u00edbrio ecol\u00f3gico. O melipon\u00e1rio conta com vinte colmeias das esp\u00e9cies Uru\u00e7u e Canudo.<\/p>\n\n\n\n<p>Segundo a presidente do Conselho Nacional da RBMA e gestora do parque das Dunas, Mary Sorage, o novo espa\u00e7o amplia as possibilidades no Rio Grande do Norte. \u201cEste \u00e9 o primeiro melipon\u00e1rio did\u00e1tico do estado, um espa\u00e7o que vai unir educa\u00e7\u00e3o ambiental, turismo de natureza e conserva\u00e7\u00e3o. Muitas pessoas viajam hoje em busca de experi\u00eancias ligadas ao meio ambiente, e aqui poder\u00e3o conhecer o fascinante mundo das abelhas sem ferr\u00e3o, que n\u00e3o oferecem risco e t\u00eam um papel essencial na biodiversidade\u201d, destacou Sorage.<\/p>\n\n\n\n<figure class=\"wp-block-image size-full\"><img loading=\"lazy\" decoding=\"async\" width=\"1200\" height=\"800\" src=\"https:\/\/rbma.org.br\/n\/wp-content\/uploads\/2025\/10\/IMG_0548.jpg\" alt=\"Img 0548\" class=\"wp-image-13453\"\/><\/figure>\n\n\n\n<p>O diretor-geral do Idema, Werner Farkatt, ressaltou a import\u00e2ncia da iniciativa como s\u00edmbolo de sustentabilidade e valoriza\u00e7\u00e3o das unidades de conserva\u00e7\u00e3o e Postos Avan\u00e7ados da RBMA. \u201cSer\u00e3o implantados seis melipon\u00e1rios em parques no Brasil, e o primeiro \u00e9 o do Parque das Dunas. Isso mostra a relev\u00e2ncia dessa unidade dentro da nossa cidade, como um verdadeiro pulm\u00e3o para todos n\u00f3s que vivemos aqui\u201d, afirmou Farkatt.<\/p>\n\n\n\n<p>O Melipon\u00e1rio Educativo nasce como um instrumento de sensibiliza\u00e7\u00e3o e transforma\u00e7\u00e3o social, aproximando a sociedade da natureza e contribuindo para a preserva\u00e7\u00e3o das abelhas nativas, fundamentais para o equil\u00edbrio da vida no planeta.<\/p>\n\n\n\n<h3 class=\"wp-block-heading\">Aberto ao p\u00fablico<\/h3>\n\n\n\n<p>O <strong>Melipon\u00e1rio Educativo do Parque das Dunas<\/strong> est\u00e1 aberto ao p\u00fablico e convida <strong>visitantes, escolas, agricultores e pesquisadores<\/strong> a conhecerem o espa\u00e7o.<\/p>\n\n\n\n<p>A iniciativa refor\u00e7a a import\u00e2ncia da <strong>educa\u00e7\u00e3o ambiental como ferramenta de sensibiliza\u00e7\u00e3o e transforma\u00e7\u00e3o<\/strong>, aproximando a sociedade da natureza e promovendo o respeito \u00e0s abelhas nativas \u2014 esp\u00e9cies essenciais para o equil\u00edbrio da vida no planeta.<\/p>\n\n\n\n<figure class=\"wp-block-image size-full\"><img loading=\"lazy\" decoding=\"async\" width=\"1200\" height=\"800\" src=\"https:\/\/rbma.org.br\/n\/wp-content\/uploads\/2025\/10\/L8A9182.jpg\" alt=\"L8a9182\" class=\"wp-image-13454\"\/><\/figure>\n\n\n\n<figure class=\"wp-block-image size-full\"><img loading=\"lazy\" decoding=\"async\" width=\"1200\" height=\"675\" src=\"https:\/\/rbma.org.br\/n\/wp-content\/uploads\/2025\/10\/WhatsApp-Image-2025-10-14-at-13.36.45-1.jpeg\" alt=\"Whatsapp image 2025 10 14 at 13.36.45\" class=\"wp-image-13456\"\/><\/figure>\n","protected":false},"excerpt":{"rendered":"<p>o espa\u00e7o integra o Projeto Abelhas Nativas da Mata Atl\u00e2ntica e ser\u00e1 um centro de aprendizado sobre biodiversidade e educa\u00e7\u00e3o ambiental. Mais um passo importante pela conserva\u00e7\u00e3o das abelhas nativas e pela educa\u00e7\u00e3o ambiental foi dado nesta sexta-feira (14), com a inaugura\u00e7\u00e3o do Melipon\u00e1rio Educativo do Parque das Dunas, em Natal. A iniciativa \u00e9 da&#8230; <\/p>\n<div class=\"clear\"><\/div>\n<p><a href=\"https:\/\/rbma.org.br\/n\/meliponario-educativo-do-parque-das-dunas-e-inaugurado-em-natal-e-reforca-a-conservacao-das-abelhas-nativas\/\" class=\"excerpt-read-more\">Leia mais<\/a><\/p>\n","protected":false},"author":3,"featured_media":13451,"comment_status":"open","ping_status":"closed","sticky":false,"template":"","format":"standard","meta":{"slim_seo":{"title":"Melipon\u00e1rio Educativo do Parque das Dunas \u00e9 inaugurado em Natal e refor\u00e7a a conserva\u00e7\u00e3o das abelhas nativas - RBMA","description":"o espa\u00e7o integra o Projeto Abelhas Nativas da Mata Atl\u00e2ntica e ser\u00e1 um centro de aprendizado sobre biodiversidade e educa\u00e7\u00e3o ambiental. Mais um passo importante"},"footnotes":""},"categories":[6],"tags":[],"class_list":["post-13450","post","type-post","status-publish","format-standard","has-post-thumbnail","hentry","category-noticias"],"_links":{"self":[{"href":"https:\/\/rbma.org.br\/n\/wp-json\/wp\/v2\/posts\/13450","targetHints":{"allow":["GET"]}}],"collection":[{"href":"https:\/\/rbma.org.br\/n\/wp-json\/wp\/v2\/posts"}],"about":[{"href":"https:\/\/rbma.org.br\/n\/wp-json\/wp\/v2\/types\/post"}],"author":[{"embeddable":true,"href":"https:\/\/rbma.org.br\/n\/wp-json\/wp\/v2\/users\/3"}],"replies":[{"embeddable":true,"href":"https:\/\/rbma.org.br\/n\/wp-json\/wp\/v2\/comments?post=13450"}],"version-history":[{"count":3,"href":"https:\/\/rbma.org.br\/n\/wp-json\/wp\/v2\/posts\/13450\/revisions"}],"predecessor-version":[{"id":13459,"href":"https:\/\/rbma.org.br\/n\/wp-json\/wp\/v2\/posts\/13450\/revisions\/13459"}],"wp:featuredmedia":[{"embeddable":true,"href":"https:\/\/rbma.org.br\/n\/wp-json\/wp\/v2\/media\/13451"}],"wp:attachment":[{"href":"https:\/\/rbma.org.br\/n\/wp-json\/wp\/v2\/media?parent=13450"}],"wp:term":[{"taxonomy":"category","embeddable":true,"href":"https:\/\/rbma.org.br\/n\/wp-json\/wp\/v2\/categories?post=13450"},{"taxonomy":"post_tag","embeddable":true,"href":"https:\/\/rbma.org.br\/n\/wp-json\/wp\/v2\/tags?post=13450"}],"curies":[{"name":"wp","href":"https:\/\/api.w.org\/{rel}","templated":true}]}}