{"id":13460,"date":"2025-10-20T14:34:29","date_gmt":"2025-10-20T17:34:29","guid":{"rendered":"https:\/\/rbma.org.br\/n\/?p=13460"},"modified":"2025-10-20T14:39:20","modified_gmt":"2025-10-20T17:39:20","slug":"rbma-promove-curso-gratuito-sobre-abelhas-nativas-da-mata-atlantica-em-fortaleza","status":"publish","type":"post","link":"https:\/\/rbma.org.br\/n\/rbma-promove-curso-gratuito-sobre-abelhas-nativas-da-mata-atlantica-em-fortaleza\/","title":{"rendered":"Curso gratuito ensina sobre abelhas nativas da Mata Atl\u00e2ntica em Fortaleza"},"content":{"rendered":"\n<p><em>A forma\u00e7\u00e3o gratuita acontece nos dias 30 e 31 de outubro, no Parque Estadual do Coc\u00f3, e \u00e9 aberta \u00e0 popula\u00e7\u00e3o.<\/em> <a href=\"https:\/\/docs.google.com\/forms\/d\/1_UDET7JpPJLpCcFvb4vYXmDESyTZ7LfSvQ8xnoM_haI\/edit\" title=\"\">Inscri\u00e7\u00f5es aqui!<\/a><\/p>\n\n\n\n<p>A Reserva da Biosfera da Mata Atl\u00e2ntica (RBMA), em parceria com o ADM Cares, programa de investimento socioambiental da ADM, l\u00edder global na comercializa\u00e7\u00e3o de gr\u00e3os, insumos e nutri\u00e7\u00e3o humana e animal, com o Governo do Estado do Cear\u00e1 e a Secretaria do Meio Ambiente e Mudan\u00e7a do Clima (SEMA), est\u00e1 com inscri\u00e7\u00f5es abertas para o Curso de Educa\u00e7\u00e3o Ambiental sobre Abelhas Nativas da Mata Atl\u00e2ntica, que contar\u00e1 com m\u00f3dulo presencial em Fortaleza, nos dias 30 e 31 de outubro, no Parque Estadual do Coc\u00f3, Posto Avan\u00e7ado da RBMA no estado.<\/p>\n\n\n\n<p>Gratuito e com vagas limitadas a 30 participantes, o curso \u00e9 destinado a educadores, estudantes, profissionais da \u00e1rea ambiental e demais interessados no tema. As inscri\u00e7\u00f5es podem ser realizadas no site da RBMA (rbma.org.br) e ser\u00e3o preenchidas por ordem de envio. A forma\u00e7\u00e3o ser\u00e1 conduzida pelo especialista Joaquim Saldanha, e tem como objetivo sensibilizar os participantes sobre a import\u00e2ncia das abelhas nativas sem ferr\u00e3o na conserva\u00e7\u00e3o da biodiversidade e na manuten\u00e7\u00e3o dos ecossistemas da Mata Atl\u00e2ntica.<\/p>\n\n\n\n<p>Durante os dois dias de curso, os participantes ter\u00e3o acesso a uma programa\u00e7\u00e3o que combina teoria e pr\u00e1tica, com foco em temas como a import\u00e2ncia das abelhas sem ferr\u00e3o e suas rela\u00e7\u00f5es ecol\u00f3gicas com a Mata Atl\u00e2ntica, o papel da poliniza\u00e7\u00e3o de esp\u00e9cies nativas e cultivadas, as causas do desaparecimento das abelhas, entre elas o uso de agrot\u00f3xicos, o desmatamento e a urbaniza\u00e7\u00e3o, al\u00e9m dos impactos do decl\u00ednio dos polinizadores e das a\u00e7\u00f5es necess\u00e1rias para sua conserva\u00e7\u00e3o. Tamb\u00e9m ser\u00e3o abordados temas relacionados aos melipon\u00e1rios como ferramentas de preserva\u00e7\u00e3o e educa\u00e7\u00e3o, \u00e0 meliponicultura e ao ecoturismo, bem como aos produtos derivados da atividade, como mel, p\u00f3len, pr\u00f3polis e cera, destacando ainda a import\u00e2ncia da educa\u00e7\u00e3o ambiental na forma\u00e7\u00e3o de multiplicadores.<\/p>\n\n\n\n<p>Para a presidente da RBMA, Mary Sorage, a iniciativa refor\u00e7a o compromisso da Reserva com a conserva\u00e7\u00e3o da biodiversidade e a valoriza\u00e7\u00e3o da educa\u00e7\u00e3o ambiental. \u201cAs abelhas sem ferr\u00e3o s\u00e3o guardi\u00e3s da biodiversidade. Ao promover o conhecimento sobre elas, despertamos o olhar das pessoas para a import\u00e2ncia da conviv\u00eancia harm\u00f4nica entre sociedade e natureza. Esse \u00e9 um dos &nbsp;prop\u00f3sitos da Reserva da Biosfera da Mata Atl\u00e2ntica\u201d, destacou.<\/p>\n\n\n\n<p>Na parte pr\u00e1tica, os participantes poder\u00e3o observar diretamente uma colmeia did\u00e1tica, acompanhando o comportamento das abelhas oper\u00e1rias, rainhas e machos, assim como as estruturas internas do ninho. O melipon\u00e1rio do Parque Estadual do Coc\u00f3 est\u00e1 sendo revitalizado e receber\u00e1 novas caixas com abelhas da esp\u00e9cie Janda\u00edra, nativas da Mata Atl\u00e2ntica, servindo tanto como espa\u00e7o de aprendizado e pr\u00e1tica durante a forma\u00e7\u00e3o quanto como recurso de educa\u00e7\u00e3o ambiental para os visitantes do parque.<\/p>\n\n\n\n<p>De acordo com a titular da Secretaria do Meio Ambiente e Mudan\u00e7a do Clima (Sema), Vilma Freire, este \u00e9&nbsp; um assunto que precisa cada vez mais de espa\u00e7o e divulga\u00e7\u00e3o, portanto, a parceria com a Reserva da Biosfera da Mata Atl\u00e2ntica&nbsp; chega em um bom momento. \u201cSabendo que a educa\u00e7\u00e3o ambiental e a pr\u00e1tica da meliponicultura s\u00e3o ferramentas poderosas para educar a comunidade&#8221;, disse. &#8220;O curso, com certeza, vai contribuir para analisarmos&nbsp; a cria\u00e7\u00e3o de abelhas sem ferr\u00e3o e a relev\u00e2ncia da mesma para o equil\u00edbrio da natureza como um todo\u201d, completou.<\/p>\n\n\n\n<p>\u201cEstamos contentes em apoiar esse projeto, que est\u00e1 totalmente alinhado com nossa vis\u00e3o de somar esfor\u00e7os e compartilhar conhecimento para a conserva\u00e7\u00e3o da biodiversidade, fundamental para o futuro do nosso planeta. A conscientiza\u00e7\u00e3o sobre abelhas nativas \u00e9 essencial para promover o equil\u00edbrio dos ecossistemas, especialmente em biomas t\u00e3o importantes como a Mata Atl\u00e2ntica\u201d, afirma Caroline Hoth, Especialista em Sustentabilidade da ADM para a Am\u00e9rica Latina.<\/p>\n\n\n\n<p>Fortaleza \u00e9 a segunda cidade a receber o curso presencial, que integra a segunda etapa do projeto \u201cEduca\u00e7\u00e3o Ambiental e Abelhas Nativas da Mata Atl\u00e2ntica\u201d, desenvolvido em seis estados brasileiros: Bahia, Cear\u00e1, Goi\u00e1s, Rio Grande do Norte, Santa Catarina e S\u00e3o Paulo. O projeto promove a\u00e7\u00f5es presenciais em Postos Avan\u00e7ados da RBMA, com oficinas, capacita\u00e7\u00f5es e implanta\u00e7\u00e3o de melipon\u00e1rios educativos, fortalecendo a cultura de respeito \u00e0 natureza por meio do conhecimento e da pr\u00e1tica ambiental.<\/p>\n\n\n\n<p><strong>Servi\u00e7o:<\/strong><\/p>\n\n\n\n<p><strong>Curso de Educa\u00e7\u00e3o Ambiental sobre Abelhas Nativas da Mata Atl\u00e2ntica \u2013 M\u00f3dulo presencial em Fortaleza<\/strong><\/p>\n\n\n\n<p><strong>Dia: 30\/10 (quinta-feira)<\/strong><\/p>\n\n\n\n<p>Hor\u00e1rio: 8h \u00e0s 16h30<\/p>\n\n\n\n<p><strong>Dia: 31\/10 (sexta-feira)<\/strong><\/p>\n\n\n\n<p>Hor\u00e1rio: 8h \u00e0s 12h<\/p>\n\n\n\n<p><strong>Local:<\/strong> Audit\u00f3rio do Parque Estadual do Coc\u00f3 \u2013 Av. Padre Ant\u00f4nio Tom\u00e1s, s\/n \u2013 Coc\u00f3, Fortaleza (CE)<\/p>\n\n\n\n<p><a href=\"https:\/\/docs.google.com\/forms\/d\/1_UDET7JpPJLpCcFvb4vYXmDESyTZ7LfSvQ8xnoM_haI\/edit\" title=\"\">Inscri\u00e7\u00f5es: AQUI!<\/a><\/p>\n","protected":false},"excerpt":{"rendered":"<p>A forma\u00e7\u00e3o gratuita acontece nos dias 30 e 31 de outubro, no Parque Estadual do Coc\u00f3, e \u00e9 aberta \u00e0 popula\u00e7\u00e3o. Inscri\u00e7\u00f5es aqui! A Reserva da Biosfera da Mata Atl\u00e2ntica (RBMA), em parceria com o ADM Cares, programa de investimento socioambiental da ADM, l\u00edder global na comercializa\u00e7\u00e3o de gr\u00e3os, insumos e nutri\u00e7\u00e3o humana e animal,&#8230; <\/p>\n<div class=\"clear\"><\/div>\n<p><a href=\"https:\/\/rbma.org.br\/n\/rbma-promove-curso-gratuito-sobre-abelhas-nativas-da-mata-atlantica-em-fortaleza\/\" class=\"excerpt-read-more\">Leia mais<\/a><\/p>\n","protected":false},"author":3,"featured_media":13461,"comment_status":"open","ping_status":"closed","sticky":false,"template":"","format":"standard","meta":{"slim_seo":{"title":"Curso gratuito ensina sobre abelhas nativas da Mata Atl\u00e2ntica em Fortaleza - RBMA","description":"A forma\u00e7\u00e3o gratuita acontece nos dias 30 e 31 de outubro, no Parque Estadual do Coc\u00f3, e \u00e9 aberta \u00e0 popula\u00e7\u00e3o. Inscri\u00e7\u00f5es aqui! A Reserva da Biosfera da Mata Atl"},"footnotes":""},"categories":[6],"tags":[],"class_list":["post-13460","post","type-post","status-publish","format-standard","has-post-thumbnail","hentry","category-noticias"],"_links":{"self":[{"href":"https:\/\/rbma.org.br\/n\/wp-json\/wp\/v2\/posts\/13460","targetHints":{"allow":["GET"]}}],"collection":[{"href":"https:\/\/rbma.org.br\/n\/wp-json\/wp\/v2\/posts"}],"about":[{"href":"https:\/\/rbma.org.br\/n\/wp-json\/wp\/v2\/types\/post"}],"author":[{"embeddable":true,"href":"https:\/\/rbma.org.br\/n\/wp-json\/wp\/v2\/users\/3"}],"replies":[{"embeddable":true,"href":"https:\/\/rbma.org.br\/n\/wp-json\/wp\/v2\/comments?post=13460"}],"version-history":[{"count":3,"href":"https:\/\/rbma.org.br\/n\/wp-json\/wp\/v2\/posts\/13460\/revisions"}],"predecessor-version":[{"id":13464,"href":"https:\/\/rbma.org.br\/n\/wp-json\/wp\/v2\/posts\/13460\/revisions\/13464"}],"wp:featuredmedia":[{"embeddable":true,"href":"https:\/\/rbma.org.br\/n\/wp-json\/wp\/v2\/media\/13461"}],"wp:attachment":[{"href":"https:\/\/rbma.org.br\/n\/wp-json\/wp\/v2\/media?parent=13460"}],"wp:term":[{"taxonomy":"category","embeddable":true,"href":"https:\/\/rbma.org.br\/n\/wp-json\/wp\/v2\/categories?post=13460"},{"taxonomy":"post_tag","embeddable":true,"href":"https:\/\/rbma.org.br\/n\/wp-json\/wp\/v2\/tags?post=13460"}],"curies":[{"name":"wp","href":"https:\/\/api.w.org\/{rel}","templated":true}]}}