{"id":13465,"date":"2025-11-04T14:17:06","date_gmt":"2025-11-04T17:17:06","guid":{"rendered":"https:\/\/rbma.org.br\/n\/?p=13465"},"modified":"2025-11-04T14:17:06","modified_gmt":"2025-11-04T17:17:06","slug":"parque-do-coco-recebe-curso-de-educacao-ambiental-sobre-abelhas-nativas","status":"publish","type":"post","link":"https:\/\/rbma.org.br\/n\/parque-do-coco-recebe-curso-de-educacao-ambiental-sobre-abelhas-nativas\/","title":{"rendered":"Parque do Coc\u00f3 recebe curso de educa\u00e7\u00e3o ambiental sobre abelhas nativas"},"content":{"rendered":"\n<p><em>O espa\u00e7o ser\u00e1 reaberto ao p\u00fablico como ponto permanente de educa\u00e7\u00e3o ambiental e conserva\u00e7\u00e3o da biodiversidade urbana.<\/em><em><\/em><\/p>\n\n\n\n<p>Fortaleza sediou, nos dias 30 e 31 de outubro, o Curso de Educa\u00e7\u00e3o Ambiental sobre Abelhas Nativas da Mata Atl\u00e2ntica, promovido pela Reserva da Biosfera da Mata Atl\u00e2ntica (RBMA) em parceria com o ADM Cares, o Governo do Cear\u00e1, a Secretaria do Meio Ambiente e Mudan\u00e7a do Clima (Sema) e o Parque Estadual do Coc\u00f3.<\/p>\n\n\n\n<p>O encontro reuniu um p\u00fablico diverso, com cerca de 30 participantes entre estudantes, educadores, profissionais da \u00e1rea ambiental e interessados na tem\u00e1tica das abelhas nativas, em dois dias de atividades te\u00f3ricas e pr\u00e1ticas voltadas \u00e0 valoriza\u00e7\u00e3o da biodiversidade e \u00e0 promo\u00e7\u00e3o da educa\u00e7\u00e3o ambiental.<\/p>\n\n\n\n<p>As atividades ocorreram no audit\u00f3rio e no melipon\u00e1rio do Parque Estadual do Coc\u00f3, que est\u00e1 sendo revitalizado e, em breve, ser\u00e1 reaberto ao p\u00fablico como espa\u00e7o de educa\u00e7\u00e3o ambiental. O local ganhar\u00e1 novas caixas com abelhas Janda\u00edra, esp\u00e9cie nativa da Mata Atl\u00e2ntica, conhecidas por n\u00e3o possu\u00edrem ferr\u00e3o e desempenharem papel essencial na poliniza\u00e7\u00e3o de ecossistemas naturais e agr\u00edcolas.<\/p>\n\n\n\n<figure class=\"wp-block-image size-full\"><img loading=\"lazy\" decoding=\"async\" width=\"864\" height=\"733\" src=\"https:\/\/rbma.org.br\/n\/wp-content\/uploads\/2025\/11\/WhatsApp-Image-2025-11-04-at-14.13.58.jpeg\" alt=\"Whatsapp image 2025 11 04 at 14.13.58\" class=\"wp-image-13471\"\/><\/figure>\n\n\n\n<p>Participaram da programa\u00e7\u00e3o a presidente do Conselho Nacional da RBMA, Mary Sorage, o secret\u00e1rio executivo da Sema, Cassimiro Tapeba, e o gestor do Parque do Coc\u00f3, Wladimir Theotonio.<\/p>\n\n\n\n<p>Para Mary Sorage, a iniciativa refor\u00e7a o compromisso da RBMA com a integra\u00e7\u00e3o entre ci\u00eancia, conserva\u00e7\u00e3o e educa\u00e7\u00e3o ambiental. \u201cAs abelhas nativas s\u00e3o pequenas guardi\u00e3s da biodiversidade. Revitalizar o melipon\u00e1rio do Parque do Coc\u00f3 \u00e9 fortalecer o di\u00e1logo entre sociedade e natureza, transformando conhecimento em consci\u00eancia ambiental. \u00c9 esse o papel da educa\u00e7\u00e3o ambiental: inspirar atitudes que preservam o futuro\u201d, afirmou a presidente da RBMA.<\/p>\n\n\n\n<p>O curso foi conduzido pelo especialista Joaquim Saldanha, que destacou a import\u00e2ncia Das abelhas e do aprendizado pr\u00e1tico na forma\u00e7\u00e3o dos participantes. \u201cAo conhecer de perto o comportamento das abelhas sem ferr\u00e3o e entender sua rela\u00e7\u00e3o com o meio ambiente, os participantes tornam-se multiplicadores desse conhecimento. Cada pessoa que se encanta com as abelhas ajuda a proteger os ecossistemas que dependem delas\u201d, ressaltou o instrutor.<\/p>\n\n\n\n<p>O projeto \u201cAbelhas Nativas da Mata Atl\u00e2ntica\u201d, desenvolvido pela RBMA em parceria com o ADM Cares, integra uma s\u00e9rie de a\u00e7\u00f5es em seis estados brasileiros, com foco em forma\u00e7\u00f5es, oficinas e implanta\u00e7\u00e3o de melipon\u00e1rios educativos nos Postos Avan\u00e7ados da RBMA.<\/p>\n\n\n\n<figure class=\"wp-block-image size-full\"><img loading=\"lazy\" decoding=\"async\" width=\"1200\" height=\"800\" src=\"https:\/\/rbma.org.br\/n\/wp-content\/uploads\/2025\/11\/IMG_1253.jpg\" alt=\"Img 1253\" class=\"wp-image-13469\"\/><\/figure>\n\n\n\n<figure class=\"wp-block-image size-full\"><img loading=\"lazy\" decoding=\"async\" width=\"1200\" height=\"800\" src=\"https:\/\/rbma.org.br\/n\/wp-content\/uploads\/2025\/11\/IMG_0721-1-1.jpg\" alt=\"Img 0721 (1)\" class=\"wp-image-13470\"\/><\/figure>\n\n\n\n<figure class=\"wp-block-image size-full\"><img loading=\"lazy\" decoding=\"async\" width=\"1200\" height=\"800\" src=\"https:\/\/rbma.org.br\/n\/wp-content\/uploads\/2025\/11\/IMG_1013.jpg\" alt=\"Img 1013\" class=\"wp-image-13472\"\/><\/figure>\n","protected":false},"excerpt":{"rendered":"<p>O espa\u00e7o ser\u00e1 reaberto ao p\u00fablico como ponto permanente de educa\u00e7\u00e3o ambiental e conserva\u00e7\u00e3o da biodiversidade urbana. Fortaleza sediou, nos dias 30 e 31 de outubro, o Curso de Educa\u00e7\u00e3o Ambiental sobre Abelhas Nativas da Mata Atl\u00e2ntica, promovido pela Reserva da Biosfera da Mata Atl\u00e2ntica (RBMA) em parceria com o ADM Cares, o Governo do&#8230; <\/p>\n<div class=\"clear\"><\/div>\n<p><a href=\"https:\/\/rbma.org.br\/n\/parque-do-coco-recebe-curso-de-educacao-ambiental-sobre-abelhas-nativas\/\" class=\"excerpt-read-more\">Leia mais<\/a><\/p>\n","protected":false},"author":3,"featured_media":13466,"comment_status":"open","ping_status":"closed","sticky":false,"template":"","format":"standard","meta":{"slim_seo":{"title":"Parque do Coc\u00f3 recebe curso de educa\u00e7\u00e3o ambiental sobre abelhas nativas - RBMA","description":"O espa\u00e7o ser\u00e1 reaberto ao p\u00fablico como ponto permanente de educa\u00e7\u00e3o ambiental e conserva\u00e7\u00e3o da biodiversidade urbana. Fortaleza sediou, nos dias 30 e 31 de outu"},"footnotes":""},"categories":[6],"tags":[],"class_list":["post-13465","post","type-post","status-publish","format-standard","has-post-thumbnail","hentry","category-noticias"],"_links":{"self":[{"href":"https:\/\/rbma.org.br\/n\/wp-json\/wp\/v2\/posts\/13465","targetHints":{"allow":["GET"]}}],"collection":[{"href":"https:\/\/rbma.org.br\/n\/wp-json\/wp\/v2\/posts"}],"about":[{"href":"https:\/\/rbma.org.br\/n\/wp-json\/wp\/v2\/types\/post"}],"author":[{"embeddable":true,"href":"https:\/\/rbma.org.br\/n\/wp-json\/wp\/v2\/users\/3"}],"replies":[{"embeddable":true,"href":"https:\/\/rbma.org.br\/n\/wp-json\/wp\/v2\/comments?post=13465"}],"version-history":[{"count":2,"href":"https:\/\/rbma.org.br\/n\/wp-json\/wp\/v2\/posts\/13465\/revisions"}],"predecessor-version":[{"id":13474,"href":"https:\/\/rbma.org.br\/n\/wp-json\/wp\/v2\/posts\/13465\/revisions\/13474"}],"wp:featuredmedia":[{"embeddable":true,"href":"https:\/\/rbma.org.br\/n\/wp-json\/wp\/v2\/media\/13466"}],"wp:attachment":[{"href":"https:\/\/rbma.org.br\/n\/wp-json\/wp\/v2\/media?parent=13465"}],"wp:term":[{"taxonomy":"category","embeddable":true,"href":"https:\/\/rbma.org.br\/n\/wp-json\/wp\/v2\/categories?post=13465"},{"taxonomy":"post_tag","embeddable":true,"href":"https:\/\/rbma.org.br\/n\/wp-json\/wp\/v2\/tags?post=13465"}],"curies":[{"name":"wp","href":"https:\/\/api.w.org\/{rel}","templated":true}]}}