{"id":13583,"date":"2026-04-28T18:08:13","date_gmt":"2026-04-28T21:08:13","guid":{"rendered":"https:\/\/rbma.org.br\/n\/?p=13583"},"modified":"2026-04-28T18:52:24","modified_gmt":"2026-04-28T21:52:24","slug":"rbma-abre-inscricoes-para-curso-sobre-abelhas-nativas-na-aldeia-tekoa-pira-rupa-em-santa-catarina","status":"publish","type":"post","link":"https:\/\/rbma.org.br\/n\/rbma-abre-inscricoes-para-curso-sobre-abelhas-nativas-na-aldeia-tekoa-pira-rupa-em-santa-catarina\/","title":{"rendered":"RBMA abre inscri\u00e7\u00f5es para curso sobre abelhas nativas na aldeia Tekoa Pira Rup\u00e1, em Santa Catarina"},"content":{"rendered":"\n<p><em>Forma\u00e7\u00e3o gratuita une teoria e pr\u00e1tica em meliponicultura e refor\u00e7a a import\u00e2ncia das abelhas para a conserva\u00e7\u00e3o da Mata Atl\u00e2ntica.<\/em><\/p>\n\n\n\n<p><strong><a href=\"https:\/\/docs.google.com\/forms\/d\/e\/1FAIpQLSdU9fLFIKHu3FGvnawhAMdXuu_QXMryoPgQOzgSYLQA6JI8kA\/viewform\" title=\"\">Inscri\u00e7\u00f5es AQUI!<\/a><\/strong><\/p>\n\n\n\n<p>A Reserva da Biosfera da Mata Atl\u00e2ntica promove, nos dias 8 e 9 de maio, uma nova edi\u00e7\u00e3o do Curso de Educa\u00e7\u00e3o Ambiental sobre Abelhas Nativas da Mata Atl\u00e2ntica, desta vez em Santa Catarina. A forma\u00e7\u00e3o ser\u00e1 realizada na Escola Ind\u00edgena de Educa\u00e7\u00e3o Fundamental Pira Rupa, localizada na Aldeia Tekoa Pira Rup\u00e1, no munic\u00edpio de Palho\u00e7a, reunindo comunidade local, educadores, estudantes e interessados na conserva\u00e7\u00e3o da biodiversidade.<\/p>\n\n\n\n<p>As inscri\u00e7\u00f5es s\u00e3o gratuitas e seguem abertas at\u00e9 6 de maio de 2026. Ao todo, s\u00e3o oferecidas 30 vagas, preenchidas por ordem de inscri\u00e7\u00e3o, por meio do site da Reserva, rbma.org.br.<\/p>\n\n\n\n<p>A iniciativa \u00e9 desenvolvida em parceria com a ADM Cares e o Governo do Estado de Santa Catarina, por meio da Secretaria de Estado do Meio Ambiente e da Economia Verde (SAMAE), Instituto Tabuleiro, Eief Pira Rupa e Urbees Meliponicultura Urbana. O curso integra a segunda etapa do projeto \u201cEduca\u00e7\u00e3o Ambiental e Abelhas Nativas da Mata Atl\u00e2ntica\u201d, j\u00e1 realizado em outros estados do pa\u00eds.<\/p>\n\n\n\n<p>O curso tem como objetivo apresentar os fundamentos da meliponicultura e o papel ecol\u00f3gico das abelhas nativas da Mata Atl\u00e2ntica, com abordagem voltada \u00e0 biodiversidade, ecologia, conserva\u00e7\u00e3o e sua relev\u00e2ncia ambiental. A forma\u00e7\u00e3o combina conte\u00fados te\u00f3ricos e atividades pr\u00e1ticas: inicialmente, os participantes ter\u00e3o acesso a conceitos sobre diversidade, intera\u00e7\u00f5es ecol\u00f3gicas e a import\u00e2ncia das abelhas na poliniza\u00e7\u00e3o; em seguida, ser\u00e3o apresentadas t\u00e9cnicas de manejo e pr\u00e1ticas de meliponicultura, evidenciando seu potencial como estrat\u00e9gia de regenera\u00e7\u00e3o ambiental.<\/p>\n\n\n\n<p>Esta \u00e9 a quarta edi\u00e7\u00e3o presencial do curso no Brasil e faz parte de um conjunto de a\u00e7\u00f5es que incluem oficinas, capacita\u00e7\u00f5es e implanta\u00e7\u00e3o de melipon\u00e1rios educativos, fortalecendo a educa\u00e7\u00e3o ambiental e o engajamento comunit\u00e1rio.<\/p>\n\n\n\n<p>Para a presid\u00eancia da RBMA, a iniciativa vai al\u00e9m da forma\u00e7\u00e3o t\u00e9cnica, \u201cLevar esse curso para territ\u00f3rios como a Aldeia Tekoa Pira Rup\u00e1 \u00e9 fortalecer saberes que dialogam com a natureza. As abelhas nativas nos ensinam sobre equil\u00edbrio, coopera\u00e7\u00e3o e cuidado, valores essenciais para o futuro da Mata Atl\u00e2ntica.\u201d<\/p>\n\n\n\n<p><strong>Servi\u00e7o<\/strong><\/p>\n\n\n\n<p><strong>Curso: Educa\u00e7\u00e3o Ambiental sobre Abelhas Nativas da Mata Atl\u00e2ntica<\/strong><\/p>\n\n\n\n<p><strong>Local:<\/strong> Escola Ind\u00edgena de Educa\u00e7\u00e3o Fundamental Pira Rupa<\/p>\n\n\n\n<p><strong>Datas:<\/strong> 8 e 9 de maio<\/p>\n\n\n\n<p>Hor\u00e1rios:<\/p>\n\n\n\n<p>\u2022 08\/05 (sexta-feira) \u2013 13h30 \u00e0s 16h30.<\/p>\n\n\n\n<p>\u2022 09\/05 (s\u00e1bado) \u2013 08h \u00e0s 12h e 13h30 \u00e0s 16h30.<\/p>\n\n\n\n<p>P\u00fablico-alvo: Comunidade da Aldeia Tekoa Pira Rup\u00e1, estudantes, educadores, profissionais da \u00e1rea ambiental e interessados na cria\u00e7\u00e3o de abelhas nativas<\/p>\n\n\n\n<p>Inscri\u00e7\u00f5es at\u00e9 o dia 06 de maio. <strong><a href=\"https:\/\/docs.google.com\/forms\/d\/e\/1FAIpQLSdU9fLFIKHu3FGvnawhAMdXuu_QXMryoPgQOzgSYLQA6JI8kA\/viewform\" title=\"\">Inscri\u00e7\u00f5es AQUI!<\/a><\/strong><\/p>\n","protected":false},"excerpt":{"rendered":"<p>Forma\u00e7\u00e3o gratuita une teoria e pr\u00e1tica em meliponicultura e refor\u00e7a a import\u00e2ncia das abelhas para a conserva\u00e7\u00e3o da Mata Atl\u00e2ntica. Inscri\u00e7\u00f5es AQUI! A Reserva da Biosfera da Mata Atl\u00e2ntica promove, nos dias 8 e 9 de maio, uma nova edi\u00e7\u00e3o do Curso de Educa\u00e7\u00e3o Ambiental sobre Abelhas Nativas da Mata Atl\u00e2ntica, desta vez em Santa&#8230; <\/p>\n<div class=\"clear\"><\/div>\n<p><a href=\"https:\/\/rbma.org.br\/n\/rbma-abre-inscricoes-para-curso-sobre-abelhas-nativas-na-aldeia-tekoa-pira-rupa-em-santa-catarina\/\" class=\"excerpt-read-more\">Leia mais<\/a><\/p>\n","protected":false},"author":3,"featured_media":13584,"comment_status":"closed","ping_status":"closed","sticky":false,"template":"","format":"standard","meta":{"slim_seo":{"title":"RBMA abre inscri\u00e7\u00f5es para curso sobre abelhas nativas na aldeia Tekoa Pira Rup\u00e1, em Santa Catarina - RBMA","description":"Forma\u00e7\u00e3o gratuita une teoria e pr\u00e1tica em meliponicultura e refor\u00e7a a import\u00e2ncia das abelhas para a conserva\u00e7\u00e3o da Mata Atl\u00e2ntica. Inscri\u00e7\u00f5es AQUI! A Reserva d"},"footnotes":""},"categories":[6],"tags":[],"class_list":["post-13583","post","type-post","status-publish","format-standard","has-post-thumbnail","hentry","category-noticias"],"_links":{"self":[{"href":"https:\/\/rbma.org.br\/n\/wp-json\/wp\/v2\/posts\/13583","targetHints":{"allow":["GET"]}}],"collection":[{"href":"https:\/\/rbma.org.br\/n\/wp-json\/wp\/v2\/posts"}],"about":[{"href":"https:\/\/rbma.org.br\/n\/wp-json\/wp\/v2\/types\/post"}],"author":[{"embeddable":true,"href":"https:\/\/rbma.org.br\/n\/wp-json\/wp\/v2\/users\/3"}],"replies":[{"embeddable":true,"href":"https:\/\/rbma.org.br\/n\/wp-json\/wp\/v2\/comments?post=13583"}],"version-history":[{"count":3,"href":"https:\/\/rbma.org.br\/n\/wp-json\/wp\/v2\/posts\/13583\/revisions"}],"predecessor-version":[{"id":13588,"href":"https:\/\/rbma.org.br\/n\/wp-json\/wp\/v2\/posts\/13583\/revisions\/13588"}],"wp:featuredmedia":[{"embeddable":true,"href":"https:\/\/rbma.org.br\/n\/wp-json\/wp\/v2\/media\/13584"}],"wp:attachment":[{"href":"https:\/\/rbma.org.br\/n\/wp-json\/wp\/v2\/media?parent=13583"}],"wp:term":[{"taxonomy":"category","embeddable":true,"href":"https:\/\/rbma.org.br\/n\/wp-json\/wp\/v2\/categories?post=13583"},{"taxonomy":"post_tag","embeddable":true,"href":"https:\/\/rbma.org.br\/n\/wp-json\/wp\/v2\/tags?post=13583"}],"curies":[{"name":"wp","href":"https:\/\/api.w.org\/{rel}","templated":true}]}}