{"id":13832,"date":"2026-08-31T10:15:30","date_gmt":"2026-08-31T13:15:30","guid":{"rendered":"https:\/\/rbma.org.br\/n\/?p=13832"},"modified":"2026-08-31T10:29:54","modified_gmt":"2026-08-31T13:29:54","slug":"goias-recebe-primeiro-meliponario-em-parque-estadual-e-encerra-primeira-fase-de-projeto-da-rbma","status":"publish","type":"post","link":"https:\/\/rbma.org.br\/n\/goias-recebe-primeiro-meliponario-em-parque-estadual-e-encerra-primeira-fase-de-projeto-da-rbma\/","title":{"rendered":"Goi\u00e1s recebe primeiro melipon\u00e1rio em parque estadual e encerra primeira fase de projeto da RBMA"},"content":{"rendered":"\n<p class=\"wp-block-paragraph\">O curso de Educa\u00e7\u00e3o Ambiental e Abelhas Nativas da Mata Atl\u00e2ntica foi realizado nos dias 27 e 28 de agosto, no Parque Estadual da Mata Atl\u00e2ntica, e marcou a sexta etapa presencial da iniciativa.<\/p>\n\n\n\n<p class=\"wp-block-paragraph\">Conhecimento que circula, abelhas que ganham espa\u00e7o e uma rede que cresce. Nos dias 27 e 28 de agosto, o Parque Estadual da Mata Atl\u00e2ntica (PEMA), no munic\u00edpio de \u00c1gua Limpa, em Goi\u00e1s, recebeu o Curso de Educa\u00e7\u00e3o Ambiental e Abelhas Nativas da Mata Atl\u00e2ntica, uma iniciativa da Reservas da Biosfera da Mata Atl\u00e2ntica (RBMA) que chegou ao seu sexto estado brasileiro e encerrou a primeira fase do projeto.<\/p>\n\n\n\n<p class=\"wp-block-paragraph\">A iniciativa \u00e9 desenvolvida pela RBMA em parceria com a ADM Cares, com apoio do Governo de Goi\u00e1s, por meio da Secretaria de Estado de Meio Ambiente e Desenvolvimento Sustent\u00e1vel (Semad) e do Parque Estadual da Mata Atl\u00e2ntica (PEMA).<\/p>\n\n\n\n<p class=\"wp-block-paragraph\">O momento tamb\u00e9m marcou a implanta\u00e7\u00e3o do primeiro melipon\u00e1rio em um parque estadual de Goi\u00e1s, que passa a integrar a estrutura de educa\u00e7\u00e3o ambiental do PEMA. O espa\u00e7o recebeu esp\u00e9cies de abelhas nativas, como Benjo\u00ed, Marmelada e Lambe-Olhos, e dever\u00e1 contribuir para aproximar visitantes da diversidade desses polinizadores e de sua import\u00e2ncia para o equil\u00edbrio dos ecossistemas.<\/p>\n\n\n\n<figure class=\"wp-block-image size-full\"><img loading=\"lazy\" decoding=\"async\" width=\"1200\" height=\"800\" src=\"https:\/\/rbma.org.br\/n\/wp-content\/uploads\/2026\/08\/WhatsApp-Image-2026-08-28-at-15.35.20.jpeg\" alt=\"WhatsApp Image 2026 08 28 at 15.35.20\" class=\"wp-image-13833\"\/><\/figure>\n\n\n\n<p class=\"wp-block-paragraph\"><strong>Seis estados, uma rede de conhecimento<\/strong><\/p>\n\n\n\n<p class=\"wp-block-paragraph\">Com a etapa realizada em Goi\u00e1s, o projeto passou pelo Rio Grande do Norte, Bahia, Cear\u00e1, S\u00e3o Paulo e Santa Catarina, levando forma\u00e7\u00e3o e experi\u00eancias pr\u00e1ticas sobre meliponicultura a diferentes territ\u00f3rios da Mata Atl\u00e2ntica.<\/p>\n\n\n\n<p class=\"wp-block-paragraph\">Durante o curso, os participantes conheceram a diversidade das abelhas nativas, suas rela\u00e7\u00f5es com o ambiente e t\u00e9cnicas de manejo, al\u00e9m de discutirem o potencial da meliponicultura como instrumento de conserva\u00e7\u00e3o e educa\u00e7\u00e3o ambiental.<\/p>\n\n\n\n<p class=\"wp-block-paragraph\">Para Mary Sorage, presidente do Conselho Nacional da RBMA, a expans\u00e3o territorial \u00e9 um dos principais resultados alcan\u00e7ados nesta primeira etapa. \u201cChegar a diferentes estados significa ampliar uma rede de conhecimento, mobiliza\u00e7\u00e3o e compromisso com a conserva\u00e7\u00e3o. Cada curso e cada melipon\u00e1rio criam novas possibilidades de aproxima\u00e7\u00e3o entre as pessoas e a biodiversidade. Encerramos essa primeira fase com uma base importante para seguir avan\u00e7ando e j\u00e1 estamos nos preparando para a segunda etapa\u201d.<\/p>\n\n\n\n<figure class=\"wp-block-image size-full\"><img loading=\"lazy\" decoding=\"async\" width=\"1200\" height=\"800\" src=\"https:\/\/rbma.org.br\/n\/wp-content\/uploads\/2026\/08\/WhatsApp-Image-2026-08-28-at-15.51.59.jpeg\" alt=\"WhatsApp Image 2026 08 28 at 15.51.59\" class=\"wp-image-13834\"\/><\/figure>\n\n\n\n<p class=\"wp-block-paragraph\"><strong>Um novo espa\u00e7o de educa\u00e7\u00e3o ambiental<\/strong><\/p>\n\n\n\n<p class=\"wp-block-paragraph\">A implanta\u00e7\u00e3o do melipon\u00e1rio amplia as possibilidades de atividades educativas desenvolvidas no Parque Estadual da Mata Atl\u00e2ntica. Al\u00e9m de apresentar as abelhas nativas aos visitantes, o espa\u00e7o permite abordar temas como poliniza\u00e7\u00e3o, biodiversidade, rela\u00e7\u00f5es ecol\u00f3gicas e a import\u00e2ncia da conserva\u00e7\u00e3o dos ambientes naturais.<\/p>\n\n\n\n<p class=\"wp-block-paragraph\">Representando a Secretaria de Estado de Meio Ambiente e Desenvolvimento Sustent\u00e1vel de Goi\u00e1s (Semad), o gerente de Conserva\u00e7\u00e3o, Biodiversidade e Fauna, Max Vin\u00edcius, destacou a contribui\u00e7\u00e3o do novo equipamento para as a\u00e7\u00f5es desenvolvidas na unidade. \u201cA implanta\u00e7\u00e3o do melipon\u00e1rio agrega uma nova ferramenta \u00e0s a\u00e7\u00f5es desenvolvidas pelo Parque Estadual da Mata Atl\u00e2ntica, fortalecendo seu papel como espa\u00e7o de sensibiliza\u00e7\u00e3o e conhecimento sobre a biodiversidade. A iniciativa tamb\u00e9m contribui para valorizar as abelhas nativas e seus servi\u00e7os ecol\u00f3gicos, aproximando esse tema da sociedade e dos visitantes da unidade.\u201d<\/p>\n\n\n\n<p class=\"wp-block-paragraph\"><strong>Da forma\u00e7\u00e3o \u00e0 pr\u00e1tica<\/strong><\/p>\n\n\n\n<p class=\"wp-block-paragraph\">A proposta do projeto vai al\u00e9m da capacita\u00e7\u00e3o. Ao combinar forma\u00e7\u00e3o e implanta\u00e7\u00e3o de melipon\u00e1rios, a iniciativa cria espa\u00e7os permanentes para que o conhecimento compartilhado durante os cursos continue sendo trabalhado junto aos visitantes e \u00e0s comunidades.<\/p>\n\n\n\n<p class=\"wp-block-paragraph\">A experi\u00eancia em Goi\u00e1s foi conduzida pela especialista Su\u00e9ly Magalh\u00e3es, com atividades te\u00f3ricas e pr\u00e1ticas sobre os fundamentos da meliponicultura, diversidade das abelhas nativas, t\u00e9cnicas de manejo e suas intera\u00e7\u00f5es ecol\u00f3gicas.<\/p>\n\n\n\n<p class=\"wp-block-paragraph\">A atividade contou com a presen\u00e7a de Mary Sorage, presidente do Conselho Nacional da RBMA, e de Max Vin\u00edcius, gerente de Conserva\u00e7\u00e3o, Biodiversidade e Fauna da Semad, representando a Secretaria.<\/p>\n\n\n\n<figure class=\"wp-block-image size-full\"><img loading=\"lazy\" decoding=\"async\" width=\"1200\" height=\"800\" src=\"https:\/\/rbma.org.br\/n\/wp-content\/uploads\/2026\/08\/WhatsApp-Image-2026-08-28-at-15.33.50.jpeg\" alt=\"WhatsApp Image 2026 08 28 at 15.33.50\" class=\"wp-image-13835\"\/><\/figure>\n\n\n\n<p class=\"wp-block-paragraph\"><strong>Pr\u00f3xima etapa<\/strong><\/p>\n\n\n\n<p class=\"wp-block-paragraph\">A etapa realizada em Goi\u00e1s consolida uma trajet\u00f3ria que passou por diferentes regi\u00f5es do pa\u00eds e demonstra a for\u00e7a da educa\u00e7\u00e3o ambiental como instrumento de conserva\u00e7\u00e3o. Seis estados, novos melipon\u00e1rios e uma rede cada vez maior de pessoas aprendendo a reconhecer o papel das abelhas na manuten\u00e7\u00e3o da vida.<\/p>\n\n\n\n<p class=\"wp-block-paragraph\">Al\u00e9m de sua import\u00e2ncia ecol\u00f3gica, a cria\u00e7\u00e3o de abelhas nativas tamb\u00e9m pode contribuir para a gera\u00e7\u00e3o de renda e o desenvolvimento sustent\u00e1vel das comunidades, por meio de produtos como mel, pr\u00f3polis e outros derivados da meliponicultura. Dessa forma, cuidar das abelhas significa tamb\u00e9m criar oportunidades para que a conserva\u00e7\u00e3o da biodiversidade caminhe lado a lado com a valoriza\u00e7\u00e3o dos conhecimentos, dos territ\u00f3rios e das economias locais.<\/p>\n\n\n\n<figure class=\"wp-block-image size-full\"><img loading=\"lazy\" decoding=\"async\" width=\"1200\" height=\"800\" src=\"https:\/\/rbma.org.br\/n\/wp-content\/uploads\/2026\/08\/WhatsApp-Image-2026-08-28-at-15.53.33.jpeg\" alt=\"WhatsApp Image 2026 08 28 at 15.53.33\" class=\"wp-image-13836\"\/><\/figure>\n\n\n\n<p class=\"wp-block-paragraph\"><\/p>\n","protected":false},"excerpt":{"rendered":"<p>O curso de Educa\u00e7\u00e3o Ambiental e Abelhas Nativas da Mata Atl\u00e2ntica foi realizado nos dias 27 e 28 de agosto, no Parque Estadual da Mata Atl\u00e2ntica, e marcou a sexta etapa presencial da iniciativa. Conhecimento que circula, abelhas que ganham espa\u00e7o e uma rede que cresce. Nos dias 27 e 28 de agosto, o Parque&#8230; <\/p>\n<div class=\"clear\"><\/div>\n<p><a href=\"https:\/\/rbma.org.br\/n\/goias-recebe-primeiro-meliponario-em-parque-estadual-e-encerra-primeira-fase-de-projeto-da-rbma\/\" class=\"excerpt-read-more\">Leia mais<\/a><\/p>\n","protected":false},"author":3,"featured_media":13837,"comment_status":"closed","ping_status":"closed","sticky":false,"template":"","format":"standard","meta":{"slim_seo":{"title":"Goi\u00e1s recebe primeiro melipon\u00e1rio em parque estadual e encerra primeira fase de projeto da RBMA - RBMA","description":"O curso de Educa\u00e7\u00e3o Ambiental e Abelhas Nativas da Mata Atl\u00e2ntica foi realizado nos dias 27 e 28 de agosto, no Parque Estadual da Mata Atl\u00e2ntica, e marcou a sex"},"footnotes":""},"categories":[6],"tags":[],"class_list":["post-13832","post","type-post","status-publish","format-standard","has-post-thumbnail","hentry","category-noticias"],"_links":{"self":[{"href":"https:\/\/rbma.org.br\/n\/wp-json\/wp\/v2\/posts\/13832","targetHints":{"allow":["GET"]}}],"collection":[{"href":"https:\/\/rbma.org.br\/n\/wp-json\/wp\/v2\/posts"}],"about":[{"href":"https:\/\/rbma.org.br\/n\/wp-json\/wp\/v2\/types\/post"}],"author":[{"embeddable":true,"href":"https:\/\/rbma.org.br\/n\/wp-json\/wp\/v2\/users\/3"}],"replies":[{"embeddable":true,"href":"https:\/\/rbma.org.br\/n\/wp-json\/wp\/v2\/comments?post=13832"}],"version-history":[{"count":3,"href":"https:\/\/rbma.org.br\/n\/wp-json\/wp\/v2\/posts\/13832\/revisions"}],"predecessor-version":[{"id":13840,"href":"https:\/\/rbma.org.br\/n\/wp-json\/wp\/v2\/posts\/13832\/revisions\/13840"}],"wp:featuredmedia":[{"embeddable":true,"href":"https:\/\/rbma.org.br\/n\/wp-json\/wp\/v2\/media\/13837"}],"wp:attachment":[{"href":"https:\/\/rbma.org.br\/n\/wp-json\/wp\/v2\/media?parent=13832"}],"wp:term":[{"taxonomy":"category","embeddable":true,"href":"https:\/\/rbma.org.br\/n\/wp-json\/wp\/v2\/categories?post=13832"},{"taxonomy":"post_tag","embeddable":true,"href":"https:\/\/rbma.org.br\/n\/wp-json\/wp\/v2\/tags?post=13832"}],"curies":[{"name":"wp","href":"https:\/\/api.w.org\/{rel}","templated":true}]}}