{"id":13841,"date":"2026-09-04T08:46:40","date_gmt":"2026-09-04T11:46:40","guid":{"rendered":"https:\/\/rbma.org.br\/n\/?p=13841"},"modified":"2026-09-04T08:46:41","modified_gmt":"2026-09-04T11:46:41","slug":"rbma-participa-de-reuniao-da-cobramab-sobre-os-proximos-passos-do-programa-mab-no-brasil","status":"publish","type":"post","link":"https:\/\/rbma.org.br\/n\/rbma-participa-de-reuniao-da-cobramab-sobre-os-proximos-passos-do-programa-mab-no-brasil\/","title":{"rendered":"RBMA participa de reuni\u00e3o da COBRAMAB sobre os pr\u00f3ximos passos do Programa MAB no Brasil"},"content":{"rendered":"\n<p class=\"wp-block-paragraph\">A atua\u00e7\u00e3o das Reservas da Biosfera e os pr\u00f3ximos caminhos do Programa MAB, Homem e a Biosfera, estiveram no centro das discuss\u00f5es da reuni\u00e3o da Comiss\u00e3o Brasileira para o Programa MAB, COBRAMAB, realizada no dia 2 de setembro. O encontro, no formato presencial e virtual, reuniu integrantes da Comiss\u00e3o, representantes das sete Reservas da Biosfera brasileiras, da Rede Brasileira de Reservas da Biosfera e institui\u00e7\u00f5es convidadas.<\/p>\n\n\n\n<p class=\"wp-block-paragraph\">A Reserva da Biosfera da Mata Atl\u00e2ntica participou da programa\u00e7\u00e3o por meio de Mary Sorage, presidente do Conselho Nacional da RBMA e coordenadora da Rede Brasileira de Reservas da Biosfera. Durante o encontro, ela apresentou as principais atividades desenvolvidas pela Rede no \u00faltimo ano e destacou a\u00e7\u00f5es de articula\u00e7\u00e3o e coopera\u00e7\u00e3o entre as Reservas brasileiras.<\/p>\n\n\n\n<p class=\"wp-block-paragraph\">Na programa\u00e7\u00e3o da tarde, Mary conduziu a discuss\u00e3o sobre \u201cAs Reservas da Biosfera como territ\u00f3rios estrat\u00e9gicos de implementa\u00e7\u00e3o das agendas globais e nacionais de sustentabilidade\u201d. A proposta foi discutir como esses territ\u00f3rios podem contribuir para aproximar compromissos de sustentabilidade das pol\u00edticas p\u00fablicas e das realidades locais.<\/p>\n\n\n\n<p class=\"wp-block-paragraph\">\u201cAs Reservas da Biosfera t\u00eam um papel estrat\u00e9gico na implementa\u00e7\u00e3o das agendas de sustentabilidade. Precisamos fortalecer a articula\u00e7\u00e3o entre as Reservas e os diferentes atores, transformando as diretrizes do Programa MAB em a\u00e7\u00f5es concretas nos territ\u00f3rios\u201d, destacou Mary Sorage.<\/p>\n\n\n\n<figure class=\"wp-block-image size-full\"><img loading=\"lazy\" decoding=\"async\" width=\"975\" height=\"552\" src=\"https:\/\/rbma.org.br\/n\/wp-content\/uploads\/2026\/09\/WhatsApp-Image-2026-09-03-at-15.23.14.jpeg\" alt=\"WhatsApp Image 2026 09 03 at 15.23.14\" class=\"wp-image-13843\"\/><\/figure>\n\n\n\n<p class=\"wp-block-paragraph\"><strong>Participa\u00e7\u00e3o social e Agenda de Hangzhou<\/strong><\/p>\n\n\n\n<p class=\"wp-block-paragraph\">Na abertura da reuni\u00e3o, Ant\u00f3nio de Sousa Abreu, diretor da Divis\u00e3o de Ci\u00eancias Ecol\u00f3gicas e da Terra da UNESCO e secret\u00e1rio do Programa MAB, ressaltou a import\u00e2ncia da participa\u00e7\u00e3o de jovens, povos e comunidades tradicionais nas Reservas da Biosfera.<\/p>\n\n\n\n<p class=\"wp-block-paragraph\">Tamb\u00e9m estiveram em discuss\u00e3o as sobreposi\u00e7\u00f5es entre Reservas, as perspectivas para o novo Marco do Programa MAB e a implementa\u00e7\u00e3o do Plano de A\u00e7\u00e3o Estrat\u00e9gico de Hangzhou 2026\u20132035. Os integrantes da COBRAMAB participaram de uma atividade em grupos para identificar prioridades e poss\u00edveis encaminhamentos para o fortalecimento da atua\u00e7\u00e3o das Reservas da Biosfera no pa\u00eds, considerando as diretrizes do Programa MAB e da Agenda de Hangzhou.<\/p>\n\n\n\n<p class=\"wp-block-paragraph\"><strong>Reservas brasileiras compartilham experi\u00eancias<\/strong><\/p>\n\n\n\n<p class=\"wp-block-paragraph\">A programa\u00e7\u00e3o incluiu ainda apresenta\u00e7\u00f5es das sete Reservas da Biosfera brasileiras, com relatos sobre iniciativas, avan\u00e7os, desafios e perspectivas de cada territ\u00f3rio. O momento permitiu evidenciar a diversidade de contextos em que o Programa MAB est\u00e1 presente no pa\u00eds e a import\u00e2ncia da coopera\u00e7\u00e3o entre as Reservas.<\/p>\n\n\n\n<p class=\"wp-block-paragraph\">A Rede Brasileira de Jovens das Reservas da Biosfera tamb\u00e9m apresentou suas atividades e perspectivas, refor\u00e7ando a participa\u00e7\u00e3o da juventude nas discuss\u00f5es sobre o futuro do Programa MAB no Brasil. Entre os demais assuntos da pauta estiveram a revis\u00e3o da Reserva da Biosfera da Caatinga, a atualiza\u00e7\u00e3o da proposta da Reserva da Biosfera Marinha Vit\u00f3ria-Trindade, as discuss\u00f5es sobre sobreposi\u00e7\u00f5es e zoneamentos e a proposta de reconhecimento da Reserva da Biosfera da Chapada Diamantina.<\/p>\n\n\n\n<p class=\"wp-block-paragraph\">Sobre a Chapada Diamantina, os participantes discutiram os argumentos favor\u00e1veis e desfavor\u00e1veis ao encaminhamento da proposta \u00e0 UNESCO, al\u00e9m das premissas e condi\u00e7\u00f5es a serem consideradas no processo. Tamb\u00e9m foram apresentadas informa\u00e7\u00f5es sobre a nova plataforma da UNESCO para submiss\u00e3o de propostas e sobre a rec\u00e9m-aprovada C\u00e1tedra UNESCO BeOne.<\/p>\n\n\n\n<figure class=\"wp-block-image size-full\"><img loading=\"lazy\" decoding=\"async\" width=\"1200\" height=\"701\" src=\"https:\/\/rbma.org.br\/n\/wp-content\/uploads\/2026\/09\/WhatsApp-Image-2026-09-03-at-15.23.15.jpeg\" alt=\"WhatsApp Image 2026 09 03 at 15.23.15\" class=\"wp-image-13844\"\/><\/figure>\n\n\n\n<p class=\"wp-block-paragraph\"><strong>Mem\u00f3ria e reconhecimento<\/strong><\/p>\n\n\n\n<p class=\"wp-block-paragraph\">A reuni\u00e3o tamb\u00e9m teve um momento de homenagem a pessoas que contribu\u00edram para a defesa do meio ambiente e das comunidades e que faleceram recentemente. Foram lembrados Carolina Joana da Silva, coordenadora da Reserva da Biosfera do Pantanal; Carlos Monforte, pioneiro do jornalismo brasileiro e pai de S\u00e9rgio Monforte, representante da UNESCO na COBRAMAB; e Francisco Carlos Borges de Souza, conhecido como Seu Peba, lideran\u00e7a comunit\u00e1ria e ambiental que atuou na defesa de comunidades rurais e ribeirinhas da Amaz\u00f4nia.<\/p>\n\n\n\n<p class=\"wp-block-paragraph\">A participa\u00e7\u00e3o da RBMA na reuni\u00e3o contribuiu para ampliar o di\u00e1logo sobre a atua\u00e7\u00e3o das Reservas da Biosfera no Brasil e sobre estrat\u00e9gias de coopera\u00e7\u00e3o para os pr\u00f3ximos anos. As discuss\u00f5es tamb\u00e9m refor\u00e7aram a perspectiva de que esses territ\u00f3rios podem conectar conserva\u00e7\u00e3o da biodiversidade, ci\u00eancia, educa\u00e7\u00e3o, participa\u00e7\u00e3o social e pol\u00edticas p\u00fablicas na implementa\u00e7\u00e3o das agendas de sustentabilidade.<\/p>\n\n\n\n<figure class=\"wp-block-image size-full\"><img loading=\"lazy\" decoding=\"async\" width=\"1200\" height=\"898\" src=\"https:\/\/rbma.org.br\/n\/wp-content\/uploads\/2026\/09\/20260902_185927.jpg.jpeg\" alt=\"20260902 185927.jpg\" class=\"wp-image-13845\"\/><\/figure>\n","protected":false},"excerpt":{"rendered":"<p>A atua\u00e7\u00e3o das Reservas da Biosfera e os pr\u00f3ximos caminhos do Programa MAB, Homem e a Biosfera, estiveram no centro das discuss\u00f5es da reuni\u00e3o da Comiss\u00e3o Brasileira para o Programa MAB, COBRAMAB, realizada no dia 2 de setembro. O encontro, no formato presencial e virtual, reuniu integrantes da Comiss\u00e3o, representantes das sete Reservas da Biosfera&#8230; <\/p>\n<div class=\"clear\"><\/div>\n<p><a href=\"https:\/\/rbma.org.br\/n\/rbma-participa-de-reuniao-da-cobramab-sobre-os-proximos-passos-do-programa-mab-no-brasil\/\" class=\"excerpt-read-more\">Leia mais<\/a><\/p>\n","protected":false},"author":3,"featured_media":13842,"comment_status":"closed","ping_status":"closed","sticky":false,"template":"","format":"standard","meta":{"slim_seo":{"title":"RBMA participa de reuni\u00e3o da COBRAMAB sobre os pr\u00f3ximos passos do Programa MAB no Brasil - RBMA","description":"A atua\u00e7\u00e3o das Reservas da Biosfera e os pr\u00f3ximos caminhos do Programa MAB, Homem e a Biosfera, estiveram no centro das discuss\u00f5es da reuni\u00e3o da Comiss\u00e3o Brasile"},"footnotes":""},"categories":[6],"tags":[],"class_list":["post-13841","post","type-post","status-publish","format-standard","has-post-thumbnail","hentry","category-noticias"],"_links":{"self":[{"href":"https:\/\/rbma.org.br\/n\/wp-json\/wp\/v2\/posts\/13841","targetHints":{"allow":["GET"]}}],"collection":[{"href":"https:\/\/rbma.org.br\/n\/wp-json\/wp\/v2\/posts"}],"about":[{"href":"https:\/\/rbma.org.br\/n\/wp-json\/wp\/v2\/types\/post"}],"author":[{"embeddable":true,"href":"https:\/\/rbma.org.br\/n\/wp-json\/wp\/v2\/users\/3"}],"replies":[{"embeddable":true,"href":"https:\/\/rbma.org.br\/n\/wp-json\/wp\/v2\/comments?post=13841"}],"version-history":[{"count":2,"href":"https:\/\/rbma.org.br\/n\/wp-json\/wp\/v2\/posts\/13841\/revisions"}],"predecessor-version":[{"id":13847,"href":"https:\/\/rbma.org.br\/n\/wp-json\/wp\/v2\/posts\/13841\/revisions\/13847"}],"wp:featuredmedia":[{"embeddable":true,"href":"https:\/\/rbma.org.br\/n\/wp-json\/wp\/v2\/media\/13842"}],"wp:attachment":[{"href":"https:\/\/rbma.org.br\/n\/wp-json\/wp\/v2\/media?parent=13841"}],"wp:term":[{"taxonomy":"category","embeddable":true,"href":"https:\/\/rbma.org.br\/n\/wp-json\/wp\/v2\/categories?post=13841"},{"taxonomy":"post_tag","embeddable":true,"href":"https:\/\/rbma.org.br\/n\/wp-json\/wp\/v2\/tags?post=13841"}],"curies":[{"name":"wp","href":"https:\/\/api.w.org\/{rel}","templated":true}]}}